{"id":5400,"date":"2023-04-27T09:55:52","date_gmt":"2023-04-27T09:55:52","guid":{"rendered":"https:\/\/ecovergy.com\/pacto-industrial-verde-ue\/"},"modified":"2023-12-11T16:08:36","modified_gmt":"2023-12-11T16:08:36","slug":"pacte-industrial-verd-ue","status":"publish","type":"post","link":"https:\/\/ecovergy.com\/ca\/pacte-industrial-verd-ue\/","title":{"rendered":"Qu\u00e8 \u00e9s el Pla Industrial del Pacte Verd de la UE"},"content":{"rendered":"\n<h2 class=\"wp-block-heading\">La llei d&#8217;Industries d&#8217;Emissions Cero, tamb\u00e9 coneguda com <a href=\"https:\/\/ec.europa.eu\/commission\/presscorner\/detail\/es\/ip_23_1665\">Llei d&#8217;Energia neta<\/a>, \u00e9s un tractat que t\u00e9 com a objectiu reduir les emissions de gasos d&#8217;efecte d&#8217;hivernacle. A m\u00e9s de fomentar la transici\u00f3 cap a una economia m\u00e9s sostenible. En el marc d&#8217;aquesta llei, es promou la instal\u00b7laci\u00f3 de sistemes de generaci\u00f3 d&#8217;energia renovable, com a plaques solars per a empreses.<\/h2>\n\n\n\n<figure class=\"wp-block-image size-full\"><img fetchpriority=\"high\" decoding=\"async\" width=\"800\" height=\"534\" src=\"https:\/\/ecovergy.com\/wp-content\/uploads\/2023\/04\/ayudas_instalacion_solar-1.jpg\" alt=\"neutralidad climatica\" class=\"wp-image-3409\" title=\"Mantenimiento de placas solares\" srcset=\"https:\/\/ecovergy.com\/wp-content\/uploads\/2023\/04\/ayudas_instalacion_solar-1.jpg 800w, https:\/\/ecovergy.com\/wp-content\/uploads\/2023\/04\/ayudas_instalacion_solar-1-300x200.jpg 300w, https:\/\/ecovergy.com\/wp-content\/uploads\/2023\/04\/ayudas_instalacion_solar-1-768x513.jpg 768w, https:\/\/ecovergy.com\/wp-content\/uploads\/2023\/04\/ayudas_instalacion_solar-1-728x485.jpg 728w\" sizes=\"(max-width: 800px) 100vw, 800px\" \/><\/figure>\n\n\n\n<h2 class=\"wp-block-heading\"><strong>La transici\u00f3 cap a la neutralitat clim\u00e0tica de les empreses<\/strong><\/h2>\n\n\n\n<p>Es tracta d&#8217;un proc\u00e9s que implica la reducci\u00f3 de les emissions de gasos d&#8217;efecte d&#8217;hivernacle i l&#8217;eliminaci\u00f3 de la petjada de carboni de les activitats empresarials.<\/p>\n\n\n\n<p>Per a aconseguir aquest objectiu, han d&#8217;implementar mesures per a millorar l&#8217;efici\u00e8ncia energ\u00e8tica. Igualment, fomentar l&#8217;\u00fas d&#8217;energies renovables, reduir la generaci\u00f3 de residus i promoure l&#8217;<a href=\"https:\/\/ecovergy.com\/ca\/serveis-energetics\/\"><strong>autoconsum industrial<\/strong><\/a>.<\/p>\n\n\n\n<p>La <a href=\"https:\/\/ecovergy.com\/ca\/\"><strong>instal\u00b7laci\u00f3n fotovoltaica industrial<\/strong><\/a><strong> <\/strong>\u00e9s una manera de reduir les emissions de gasos i, al mateix temps, disminuir els costos d&#8217;energia el\u00e8ctrica. Aquestes plaques converteixen l&#8217;energia solar en electricitat, la qual cosa permet als negocis generar la seva pr\u00f2pia energia neta i reduir la seva depend\u00e8ncia dels combustibles f\u00f2ssils. Amb aix\u00f2 s&#8217;aconsegueix un rendible autoconsum industrial.<\/p>\n\n\n\n<p>S&#8217;han de definir objectius i metes concretes, la identificaci\u00f3 de les fonts d&#8217;emissi\u00f3 de gasos nocius i la implementaci\u00f3 de mesures per a reduir-les. A m\u00e9s, el cam\u00ed cap a la neutralitat clim\u00e0tica implica un canvi cultural en el negoci, on es valora la sostenibilitat i es promou la responsabilitat ambiental.<\/p>\n\n\n\n<p><br>Per a donar suport a aquest canvi, existeixen diferents iniciatives i eines, com les normes ISO 14001 i 50001, que estableixen est\u00e0ndards per a la gesti\u00f3 ambiental i energ\u00e8tica. A m\u00e9s, existeixen programes de certificaci\u00f3 i etiquetatge, com <a href=\"https:\/\/www.carbontrust.com\/es\"><strong>Carbon Trust<\/strong><\/a> i la <a href=\"https:\/\/www.iberdrola.com\/sostenibilidad\/huella-de-carbono\"><strong>Petjada de Carboni<\/strong><\/a>, que permeten a les companyies demostrar el seu comprom\u00eds.<\/p>\n\n\n\n<h2 class=\"wp-block-heading\"><strong><br>La competitivitat de la ind\u00fastria europea en tecnologies netes<\/strong><\/h2>\n\n\n\n<p>\u00c9s un tema de gran import\u00e0ncia per a la Uni\u00f3 Europea, ja que implica el desenvolupament d&#8217;una economia m\u00e9s verda i competitiva a nivell mundial.<\/p>\n\n\n\n<p>S&#8217;han implementat diferents iniciatives i pol\u00edtiques, com el Pla Industrial del Pacte Verd, que promou la innovaci\u00f3 i el desenvolupament de tecnologies netes en diferents sectors industrials. A m\u00e9s, s&#8217;han establert incentius per a la inversi\u00f3 en tecnologies netes i s&#8217;han desenvolupat programes de finan\u00e7ament per a la recerca i el desenvolupament en aquest \u00e0mbit.<br>Un altre aspecte important \u00e9s la promoci\u00f3 del comer\u00e7 just i sostenible a nivell mundial. La Uni\u00f3 Europea ha establert acords comercials amb diferents pa\u00efsos. En aquests, s&#8217;inclouen cl\u00e0usules sobre el respecte als drets laborals i la protecci\u00f3 ambiental, la qual cosa contribueix a la promoci\u00f3 d&#8217;una compet\u00e8ncia justa i sostenible.<\/p>\n\n\n\n<figure class=\"wp-block-image size-full\"><img decoding=\"async\" width=\"800\" height=\"533\" src=\"https:\/\/ecovergy.com\/wp-content\/uploads\/2023\/04\/subvenciones_placas_solares.jpg\" alt=\"contaminaci\u00f3n\" class=\"wp-image-3408\" title=\"Instalador placas solares\" srcset=\"https:\/\/ecovergy.com\/wp-content\/uploads\/2023\/04\/subvenciones_placas_solares.jpg 800w, https:\/\/ecovergy.com\/wp-content\/uploads\/2023\/04\/subvenciones_placas_solares-300x200.jpg 300w, https:\/\/ecovergy.com\/wp-content\/uploads\/2023\/04\/subvenciones_placas_solares-768x512.jpg 768w, https:\/\/ecovergy.com\/wp-content\/uploads\/2023\/04\/subvenciones_placas_solares-728x485.jpg 728w\" sizes=\"(max-width: 800px) 100vw, 800px\" \/><\/figure>\n\n\n\n<h2 class=\"wp-block-heading\"><strong><strong>A qui afecta el pacte verd?<\/strong><\/strong><\/h2>\n\n\n\n<p>En termes generals, t\u00e9 com a objectiu transformar l&#8217;economia europea en una economia m\u00e9s sostenible i baixa en carboni, la qual cosa implica canvis significatius en diferents \u00e0mbits.<\/p>\n\n\n\n<p>La Comissi\u00f3 presentar\u00e0 una legislaci\u00f3 enfocada en la ind\u00fastria d&#8217;emissions netes zero proporcionant un marc legal apropiat per a la seva implementaci\u00f3 r\u00e0pida, assegurant un proc\u00e9s d&#8217;autoritzaci\u00f3 \u00e0gil i simplificat, impulsant projectes estrat\u00e8gics a nivell europeu i creant regulacions que promoguin l&#8217;avan\u00e7 de tecnologies en tot el mercat \u00fanic.<\/p>\n\n\n\n<p>Aquest marc es complementar\u00e0 amb la Llei de Recursos Essencials per a assegurar l&#8217;acc\u00e9s adequat a materials crucials, com a terres rares, necessaris en la producci\u00f3 de tecnologies clau, i amb la reforma en l&#8217;estructura del mercat el\u00e8ctric, permetent que els consumidors aprofitin els menors costos de les energies renovables.<\/p>\n\n\n\n<p>Entre els actors i sectors que es veuen afectats pel pacte es troben:<\/p>\n\n\n\n<h3 class=\"wp-block-heading\"><strong>Governs i autoritats<\/strong><\/h3>\n\n\n\n<p>El Pacte Verd Europeu estableix objectius i metes per a la reducci\u00f3 d&#8217;emissions de gasos nocius a l&#8217;atmosfera i un canvi de mentalitat cap a una economia m\u00e9s ecol\u00f2gica, la qual cosa implica la implementaci\u00f3 de pol\u00edtiques i mesures per part dels governs i autoritats.<\/p>\n\n\n\n<h3 class=\"wp-block-heading\"><strong>Empreses i ind\u00fastries<\/strong><\/h3>\n\n\n\n<p>Implica canvis significatius en diferents sectors industrials, com l&#8217;energia, la mobilitat, la construcci\u00f3, l&#8217;agricultura i la pesca. El teixit empresarial i industrial ha d&#8217;adaptar-se a les noves regulacions i pol\u00edtiques, i promoure la innovaci\u00f3 i el desenvolupament de tecnologies netes.<\/p>\n\n\n\n<h3 class=\"wp-block-heading\"><strong>Ciutadans i consumidors<\/strong><\/h3>\n\n\n\n<p>Tenen un paper fonamental en la lluita contra la degradaci\u00f3 del medi ambient. Les seves decisions de compra i consum poden influir en les pr\u00e0ctiques dels negocis i en la demanda de productes i serveis sostenibles. A m\u00e9s, contribueixen a la menor emissi\u00f3 de contaminants a trav\u00e9s de pr\u00e0ctiques menys invasives, com l&#8217;\u00fas de transport p\u00fablic, la reducci\u00f3 del consum d&#8217;energia i aigua, i el reciclatge.<\/p>\n\n\n\n<h3 class=\"wp-block-heading\"><strong>Pa\u00efsos i actors a nivell mundial<\/strong><\/h3>\n\n\n\n<p>El pla t\u00e9 implicacions a nivell mundial, ja que la Uni\u00f3 Europea \u00e9s un actor important en la lluita contra el canvi clim\u00e0tic. El Pacte Verd Europeu promou la cooperaci\u00f3 i el di\u00e0leg a nivell internacional, i cerca fomentar un trasp\u00e0s global cap a una economia m\u00e9s neta.<\/p>\n\n\n\n<figure class=\"wp-block-image size-full\"><img decoding=\"async\" width=\"800\" height=\"534\" src=\"https:\/\/ecovergy.com\/wp-content\/uploads\/2023\/04\/bonificaciones_placas_solares.jpg\" alt=\"pacto verde\" class=\"wp-image-3407\" title=\"Mantenimiento de placas solares\" srcset=\"https:\/\/ecovergy.com\/wp-content\/uploads\/2023\/04\/bonificaciones_placas_solares.jpg 800w, https:\/\/ecovergy.com\/wp-content\/uploads\/2023\/04\/bonificaciones_placas_solares-300x200.jpg 300w, https:\/\/ecovergy.com\/wp-content\/uploads\/2023\/04\/bonificaciones_placas_solares-768x513.jpg 768w, https:\/\/ecovergy.com\/wp-content\/uploads\/2023\/04\/bonificaciones_placas_solares-728x485.jpg 728w\" sizes=\"(max-width: 800px) 100vw, 800px\" \/><\/figure>\n\n\n\n<h2 class=\"wp-block-heading\"><strong><br>Com poden les empreses finan\u00e7ar aquesta transici\u00f3 energ\u00e8tica?<\/strong><\/h2>\n\n\n\n<p>La combinaci\u00f3 de fons p\u00fablics i avan\u00e7os en la integraci\u00f3 dels mercats de capitals europeus permetr\u00e0 accedir a finan\u00e7ament privat per a la transici\u00f3 ecol\u00f2gica. La Comissi\u00f3 buscar\u00e0 condicions equitatives en el mercat \u00fanic i simplificar\u00e0 la concessi\u00f3 d&#8217;ajudes estatals per a accelerar la transici\u00f3.<\/p>\n\n\n\n<p>Aquestes poden finan\u00e7ar la transici\u00f3 energ\u00e8tica de diferents maneres, entre les quals s&#8217;inclouen:<\/p>\n\n\n\n<h3 class=\"wp-block-heading\"><strong>Inversi\u00f3 pr\u00f2pia<\/strong><\/h3>\n\n\n\n<p><br>El teixit empresarial pot destinar els seus propis recursos financers a la implementaci\u00f3 de mesures d&#8217;efici\u00e8ncia energ\u00e8tica i l&#8217;adopci\u00f3 d&#8217;energies renovables. Aix\u00f2 pot incloure la inversi\u00f3 en tecnologies netes, la millora de l&#8217;efici\u00e8ncia energ\u00e8tica dels processos productius, entre altres.<\/p>\n\n\n\n<h3 class=\"wp-block-heading\"><strong>Finan\u00e7ament extern<\/strong><\/h3>\n\n\n\n<p><br>Les companyies poden rec\u00f3rrer a diferents fonts de finan\u00e7ament extern, com els pr\u00e9stecs bancaris, les emissions de bons verds, la inversi\u00f3 de capital privat, entre altres. Existeixen diferents instruments financers disponibles, com els <a href=\"https:\/\/ecovergy.com\/servicios-energeticos\/subvenciones-bonificaciones-placas-solares\/\"><strong>programes de finan\u00e7ament p\u00fablic<\/strong><\/a> per projectes d&#8217;energia renovable i efici\u00e8ncia energ\u00e8tica.<\/p>\n\n\n\n<p>A curt termini, es treballar\u00e0 en programes com <a href=\"https:\/\/ec.europa.eu\/commission\/presscorner\/detail\/es\/ip_22_3131\"><strong>REPowerEU<\/strong><\/a>, <a href=\"https:\/\/ec.europa.eu\/investeuportal\/desktop\/es\/index.html\"><strong>InvestEU<\/strong> <\/a>i el Fons d&#8217;Innovaci\u00f3 per a proporcionar suport r\u00e0pid i espec\u00edfic. A mitg termini, es proposa un Fons per a la Sobirania Europea en la revisi\u00f3 del marc financer pluriennal prevista abans de l&#8217;estiu 2023.<\/p>\n\n\n\n<h3 class=\"wp-block-heading\"><strong>Associacions i cooperaci\u00f3<\/strong><\/h3>\n\n\n\n<p>Els empresaris poden establir associacions i col\u00b7laboracions amb altres societats, institucions financeres i organitzacions no governamentals per al finan\u00e7ament. Un exemple \u00e9s la participaci\u00f3 en projectes d&#8217;innovaci\u00f3 i desenvolupament de tecnologies netes, aix\u00ed com l&#8217;intercanvi de coneixements, i la creaci\u00f3 de projectes conjunts.<\/p>\n\n\n\n<h2 class=\"wp-block-heading\"><strong><br>Qu\u00e8 suposa per a les empreses complir el Pacte Verd Europeu?<\/strong><\/h2>\n\n\n\n<p>La transici\u00f3 ecol\u00f2gica podria afectar a entre el 35 i el 40% de les ocupacions, per la qual cosa l&#8217;Any Europeu de les Compet\u00e8ncies prioritzar\u00e0 el desenvolupament d&#8217;habilitats per a treballs ben remunerats i de qualitat. La Comissi\u00f3 proposa crear acad\u00e8mies d&#8217;ind\u00fastria amb zero emissions que implementin programes de capacitaci\u00f3 i actualitzaci\u00f3 en sectors clau.<\/p>\n\n\n\n<p>S&#8217;explorar\u00e0 com integrar enfocaments basats en habilitats i qualificacions, facilitar la incorporaci\u00f3 de ciutadans de tercers pa\u00efsos en mercats laborals de la UE en \u00e0rees priorit\u00e0ries i promoure el finan\u00e7ament p\u00fablic i privat per al desenvolupament d&#8217;habilitats.<\/p>\n\n\n\n<p>A continuaci\u00f3, es detallen algunes de les implicacions m\u00e9s rellevants per a les societats:<\/p>\n\n\n\n<h3 class=\"wp-block-heading\"><strong>Reducci\u00f3 d&#8217;emissions<\/strong><\/h3>\n\n\n\n<p>La industria haur\u00e0 de redu\u00efr les seves emissions de gasos contaminants i adoptar pr\u00e0ctiques molt m\u00e9s sostenibles. Aix\u00f2 implica la implementaci\u00f3 d&#8217;estrictes messures d&#8217;efici\u00e8ncia energ\u00e8tica, l&#8217;adopci\u00f3 d&#8217;energies renovables i la reducci\u00f3 de residus i emissions contaminants. <\/p>\n\n\n\n<h3 class=\"wp-block-heading\"><strong>Innovaci\u00f3 i desenvolupament tecnol\u00f2gic<\/strong><\/h3>\n\n\n\n<p>El Pacte Verd Europeu promou la innovaci\u00f3 i el desenvolupament tecnol\u00f2gic en diferents \u00e0mbits, com l&#8217;energia, el transport i la construcci\u00f3. Els \u00f2rgans empresarials hauran d&#8217;adaptar-se a aquests canvis significatius i desenvolupar noves solucions i productes m\u00e9s sostenibles.<\/p>\n\n\n\n<h3 class=\"wp-block-heading\"><strong>Transpar\u00e8ncia i rendici\u00f3 de comptes<\/strong><\/h3>\n\n\n\n<p><br>Les ind\u00fastries han de ser capaces de comunicar de manera clara i transparent els seus objectius i compromisos en mat\u00e8ria de sostenibilitat, aix\u00ed com els seus resultats i progressos en la consecuci\u00f3 d&#8217;aquests. La rendici\u00f3 de comptes implica tamb\u00e9 que aquestes han d&#8217;assumir responsabilitat per les seves accions i tenir en compte els impactes ambientals i socials de les seves decisions i operacions.<\/p>\n\n\n\n<h3 class=\"wp-block-heading\"><strong>Competitivitat i reputaci\u00f3<\/strong><\/h3>\n\n\n\n<p>L&#8217;adopci\u00f3 de pr\u00e0ctiques verdes i tecnologies netes es troba en la ruta de millorar l&#8217;efici\u00e8ncia energ\u00e8tica i reduir costos operatius a llarg termini. A m\u00e9s, les companyies compromeses amb la sostenibilitat poden millorar la seva reputaci\u00f3 i atreure a consumidors i inversors cada vegada m\u00e9s conscients de la import\u00e0ncia de la responsabilitat social i ambiental.<\/p>\n\n\n\n<h3 class=\"wp-block-heading\"><strong>Oportunitats de finan\u00e7ament<\/strong><\/h3>\n\n\n\n<p>La Uni\u00f3 Europea ha destinat un important pressupost per a aconseguir un canvi cap a economies m\u00e9s respectuoses amb el medi ambient. S&#8217;inclou el finan\u00e7ament de projectes i programes relacionats amb tecnologies netes, efici\u00e8ncia energ\u00e8tica, transport sostenible, agricultura ecol\u00f2gica, entre altres.<br>A m\u00e9s, existeixen diferents mecanismes de finan\u00e7ament, com a pr\u00e9stecs a baix inter\u00e8s i subvencions, que poden ajudar les companyies a implementar pr\u00e0ctiques sostenibles i millorar la seva competitivitat. Aquestes oportunitats no sols les beneficien, sin\u00f3 que tamb\u00e9 s\u00f3n essencials per a aconseguir els objectius del pla estrat\u00e8gic<\/p>\n\n\n\n<h2 class=\"wp-block-heading\"><strong>Conclusions generals<\/strong><\/h2>\n\n\n\n<p>En conclusi\u00f3, la <a href=\"https:\/\/energetica21.com\/noticia\/la-comision-europea-presenta-la-ley-de-industrias-de-emisiones-cero\"><strong>Llei d&#8217;Ind\u00fastries d&#8217;Emissiones Zero<\/strong><\/a> \u00e9s una iniciativa clau per a avan\u00e7ar cap a una economia m\u00e9s sostenible i\u00a0descarbonatada. La implementaci\u00f3 de tecnologies netes, com la instal\u00b7laci\u00f3\u00a0foltovoltaica\u00a0industrial o les plaques solars per a empreses s\u00f3n fonamentals per a minimitzar els gasos contaminants i aconseguir els objectius del Pacte Verd Europeu.es una iniciativa clave para avanzar hacia una econom\u00eda m\u00e1s sostenible y descarbonatada. La implementaci\u00f3n de tecnolog\u00edas limpias, como la <strong>instalaci\u00f3n foltovoltaica industrial<\/strong> o las <strong>placas solares para empresas<\/strong> son fundamentales para minimizar los gases contaminantes y lograr los objetivos del Pacto Verde Europeo.<\/p>\n","protected":false},"excerpt":{"rendered":"<p>La llei d&#8217;Industries d&#8217;Emissions Cero, tamb\u00e9 coneguda com Llei d&#8217;Energia neta, \u00e9s un tractat que t\u00e9 com a objectiu reduir les emissions de gasos d&#8217;efecte d&#8217;hivernacle. A m\u00e9s de fomentar la transici\u00f3 cap a una economia m\u00e9s sostenible. En el marc d&#8217;aquesta llei, es promou la instal\u00b7laci\u00f3 de sistemes de generaci\u00f3 d&#8217;energia renovable, com a [&hellip;]<\/p>\n","protected":false},"author":2,"featured_media":5062,"comment_status":"closed","ping_status":"closed","sticky":false,"template":"","format":"standard","meta":{"footnotes":""},"categories":[54],"tags":[],"class_list":["post-5400","post","type-post","status-publish","format-standard","has-post-thumbnail","hentry","category-subvenciones-tramites-legales-ca"],"acf":[],"yoast_head":"<!-- This site is optimized with the Yoast SEO plugin v26.0 - https:\/\/yoast.com\/wordpress\/plugins\/seo\/ -->\n<title>La Llei d&#039;Energia neta promou els panells solars| Ecovergy<\/title>\n<meta name=\"description\" content=\"La Llei d&#039;Energia Neta promou la instal\u00b7laci\u00f3 de plaques solars per a empreses amb la finalitat d&#039;aconseguir un autoconsum industrial sostenible.\" \/>\n<meta name=\"robots\" content=\"index, follow, max-snippet:-1, max-image-preview:large, max-video-preview:-1\" \/>\n<link rel=\"canonical\" href=\"https:\/\/ecovergy.com\/ca\/pacte-industrial-verd-ue\/\" \/>\n<meta property=\"og:locale\" content=\"ca_ES\" \/>\n<meta property=\"og:type\" content=\"article\" \/>\n<meta property=\"og:title\" content=\"La Llei d&#039;Energia neta promou els panells solars| Ecovergy\" \/>\n<meta property=\"og:description\" content=\"La Llei d&#039;Energia Neta promou la instal\u00b7laci\u00f3 de plaques solars per a empreses amb la finalitat d&#039;aconseguir un autoconsum industrial sostenible.\" \/>\n<meta property=\"og:url\" content=\"https:\/\/ecovergy.com\/ca\/pacte-industrial-verd-ue\/\" \/>\n<meta property=\"og:site_name\" content=\"Ecovergy\" \/>\n<meta property=\"article:publisher\" content=\"https:\/\/www.facebook.com\/Ecovergy\" \/>\n<meta property=\"article:published_time\" content=\"2023-04-27T09:55:52+00:00\" \/>\n<meta property=\"article:modified_time\" content=\"2023-12-11T16:08:36+00:00\" \/>\n<meta property=\"og:image\" content=\"https:\/\/ecovergy.com\/wp-content\/uploads\/2023\/04\/UE-green-deal.jpg\" \/>\n\t<meta property=\"og:image:width\" content=\"696\" \/>\n\t<meta property=\"og:image:height\" content=\"392\" \/>\n\t<meta property=\"og:image:type\" content=\"image\/jpeg\" \/>\n<meta name=\"author\" content=\"Ecovergy\" \/>\n<meta name=\"twitter:card\" content=\"summary_large_image\" \/>\n<meta name=\"twitter:label1\" content=\"Written by\" \/>\n\t<meta name=\"twitter:data1\" content=\"Ecovergy\" \/>\n\t<meta name=\"twitter:label2\" content=\"Est. reading time\" \/>\n\t<meta name=\"twitter:data2\" content=\"8 minutes\" \/>\n<script type=\"application\/ld+json\" class=\"yoast-schema-graph\">{\"@context\":\"https:\/\/schema.org\",\"@graph\":[{\"@type\":\"Article\",\"@id\":\"https:\/\/ecovergy.com\/ca\/pacte-industrial-verd-ue\/#article\",\"isPartOf\":{\"@id\":\"https:\/\/ecovergy.com\/ca\/pacte-industrial-verd-ue\/\"},\"author\":{\"name\":\"Ecovergy\",\"@id\":\"https:\/\/ecovergy.com\/#\/schema\/person\/e5474300afcb1de71fa81fbaea9e6e74\"},\"headline\":\"Qu\u00e8 \u00e9s el Pla Industrial del Pacte Verd de la UE\",\"datePublished\":\"2023-04-27T09:55:52+00:00\",\"dateModified\":\"2023-12-11T16:08:36+00:00\",\"mainEntityOfPage\":{\"@id\":\"https:\/\/ecovergy.com\/ca\/pacte-industrial-verd-ue\/\"},\"wordCount\":1677,\"publisher\":{\"@id\":\"https:\/\/ecovergy.com\/#organization\"},\"image\":{\"@id\":\"https:\/\/ecovergy.com\/ca\/pacte-industrial-verd-ue\/#primaryimage\"},\"thumbnailUrl\":\"https:\/\/ecovergy.com\/wp-content\/uploads\/2023\/04\/UE-green-deal.jpg\",\"articleSection\":[\"Subvencions i tr\u00e0mits legals\"],\"inLanguage\":\"ca\"},{\"@type\":\"WebPage\",\"@id\":\"https:\/\/ecovergy.com\/ca\/pacte-industrial-verd-ue\/\",\"url\":\"https:\/\/ecovergy.com\/ca\/pacte-industrial-verd-ue\/\",\"name\":\"La Llei d'Energia neta promou els panells solars| Ecovergy\",\"isPartOf\":{\"@id\":\"https:\/\/ecovergy.com\/#website\"},\"primaryImageOfPage\":{\"@id\":\"https:\/\/ecovergy.com\/ca\/pacte-industrial-verd-ue\/#primaryimage\"},\"image\":{\"@id\":\"https:\/\/ecovergy.com\/ca\/pacte-industrial-verd-ue\/#primaryimage\"},\"thumbnailUrl\":\"https:\/\/ecovergy.com\/wp-content\/uploads\/2023\/04\/UE-green-deal.jpg\",\"datePublished\":\"2023-04-27T09:55:52+00:00\",\"dateModified\":\"2023-12-11T16:08:36+00:00\",\"description\":\"La Llei d'Energia Neta promou la instal\u00b7laci\u00f3 de plaques solars per a empreses amb la finalitat d'aconseguir un autoconsum industrial sostenible.\",\"breadcrumb\":{\"@id\":\"https:\/\/ecovergy.com\/ca\/pacte-industrial-verd-ue\/#breadcrumb\"},\"inLanguage\":\"ca\",\"potentialAction\":[{\"@type\":\"ReadAction\",\"target\":[\"https:\/\/ecovergy.com\/ca\/pacte-industrial-verd-ue\/\"]}]},{\"@type\":\"ImageObject\",\"inLanguage\":\"ca\",\"@id\":\"https:\/\/ecovergy.com\/ca\/pacte-industrial-verd-ue\/#primaryimage\",\"url\":\"https:\/\/ecovergy.com\/wp-content\/uploads\/2023\/04\/UE-green-deal.jpg\",\"contentUrl\":\"https:\/\/ecovergy.com\/wp-content\/uploads\/2023\/04\/UE-green-deal.jpg\",\"width\":696,\"height\":392},{\"@type\":\"BreadcrumbList\",\"@id\":\"https:\/\/ecovergy.com\/ca\/pacte-industrial-verd-ue\/#breadcrumb\",\"itemListElement\":[{\"@type\":\"ListItem\",\"position\":1,\"name\":\"Portada\",\"item\":\"https:\/\/ecovergy.com\/ca\/\"},{\"@type\":\"ListItem\",\"position\":2,\"name\":\"Qu\u00e8 \u00e9s el Pla Industrial del Pacte Verd de la UE\"}]},{\"@type\":\"WebSite\",\"@id\":\"https:\/\/ecovergy.com\/#website\",\"url\":\"https:\/\/ecovergy.com\/\",\"name\":\"Ecovergy\",\"description\":\"Autoconsumo fotovoltaico para empresas\",\"publisher\":{\"@id\":\"https:\/\/ecovergy.com\/#organization\"},\"potentialAction\":[{\"@type\":\"SearchAction\",\"target\":{\"@type\":\"EntryPoint\",\"urlTemplate\":\"https:\/\/ecovergy.com\/?s={search_term_string}\"},\"query-input\":{\"@type\":\"PropertyValueSpecification\",\"valueRequired\":true,\"valueName\":\"search_term_string\"}}],\"inLanguage\":\"ca\"},{\"@type\":\"Organization\",\"@id\":\"https:\/\/ecovergy.com\/#organization\",\"name\":\"Ecovergy\",\"url\":\"https:\/\/ecovergy.com\/\",\"logo\":{\"@type\":\"ImageObject\",\"inLanguage\":\"ca\",\"@id\":\"https:\/\/ecovergy.com\/#\/schema\/logo\/image\/\",\"url\":\"https:\/\/ecovergy.com\/wp-content\/uploads\/2022\/11\/logo-ecovergy-50.svg\",\"contentUrl\":\"https:\/\/ecovergy.com\/wp-content\/uploads\/2022\/11\/logo-ecovergy-50.svg\",\"width\":192,\"height\":25,\"caption\":\"Ecovergy\"},\"image\":{\"@id\":\"https:\/\/ecovergy.com\/#\/schema\/logo\/image\/\"},\"sameAs\":[\"https:\/\/www.facebook.com\/Ecovergy\",\"https:\/\/www.instagram.com\/ecovergy\/\",\"https:\/\/www.youtube.com\/channel\/UCpyiK24_lhtlkaJWJaZG2FQ\",\"https:\/\/www.linkedin.com\/company\/ecovergy\/\"]},{\"@type\":\"Person\",\"@id\":\"https:\/\/ecovergy.com\/#\/schema\/person\/e5474300afcb1de71fa81fbaea9e6e74\",\"name\":\"Ecovergy\",\"image\":{\"@type\":\"ImageObject\",\"inLanguage\":\"ca\",\"@id\":\"https:\/\/ecovergy.com\/#\/schema\/person\/image\/\",\"url\":\"https:\/\/secure.gravatar.com\/avatar\/38d23590878db00a19a10bb286ba3e92d97ab0e3e666d0b4dba266a0145078e2?s=96&d=mm&r=g\",\"contentUrl\":\"https:\/\/secure.gravatar.com\/avatar\/38d23590878db00a19a10bb286ba3e92d97ab0e3e666d0b4dba266a0145078e2?s=96&d=mm&r=g\",\"caption\":\"Ecovergy\"}}]}<\/script>\n<!-- \/ Yoast SEO plugin. -->","yoast_head_json":{"title":"La Llei d'Energia neta promou els panells solars| Ecovergy","description":"La Llei d'Energia Neta promou la instal\u00b7laci\u00f3 de plaques solars per a empreses amb la finalitat d'aconseguir un autoconsum industrial sostenible.","robots":{"index":"index","follow":"follow","max-snippet":"max-snippet:-1","max-image-preview":"max-image-preview:large","max-video-preview":"max-video-preview:-1"},"canonical":"https:\/\/ecovergy.com\/ca\/pacte-industrial-verd-ue\/","og_locale":"ca_ES","og_type":"article","og_title":"La Llei d'Energia neta promou els panells solars| Ecovergy","og_description":"La Llei d'Energia Neta promou la instal\u00b7laci\u00f3 de plaques solars per a empreses amb la finalitat d'aconseguir un autoconsum industrial sostenible.","og_url":"https:\/\/ecovergy.com\/ca\/pacte-industrial-verd-ue\/","og_site_name":"Ecovergy","article_publisher":"https:\/\/www.facebook.com\/Ecovergy","article_published_time":"2023-04-27T09:55:52+00:00","article_modified_time":"2023-12-11T16:08:36+00:00","og_image":[{"width":696,"height":392,"url":"https:\/\/ecovergy.com\/wp-content\/uploads\/2023\/04\/UE-green-deal.jpg","type":"image\/jpeg"}],"author":"Ecovergy","twitter_card":"summary_large_image","twitter_misc":{"Written by":"Ecovergy","Est. reading time":"8 minutes"},"schema":{"@context":"https:\/\/schema.org","@graph":[{"@type":"Article","@id":"https:\/\/ecovergy.com\/ca\/pacte-industrial-verd-ue\/#article","isPartOf":{"@id":"https:\/\/ecovergy.com\/ca\/pacte-industrial-verd-ue\/"},"author":{"name":"Ecovergy","@id":"https:\/\/ecovergy.com\/#\/schema\/person\/e5474300afcb1de71fa81fbaea9e6e74"},"headline":"Qu\u00e8 \u00e9s el Pla Industrial del Pacte Verd de la UE","datePublished":"2023-04-27T09:55:52+00:00","dateModified":"2023-12-11T16:08:36+00:00","mainEntityOfPage":{"@id":"https:\/\/ecovergy.com\/ca\/pacte-industrial-verd-ue\/"},"wordCount":1677,"publisher":{"@id":"https:\/\/ecovergy.com\/#organization"},"image":{"@id":"https:\/\/ecovergy.com\/ca\/pacte-industrial-verd-ue\/#primaryimage"},"thumbnailUrl":"https:\/\/ecovergy.com\/wp-content\/uploads\/2023\/04\/UE-green-deal.jpg","articleSection":["Subvencions i tr\u00e0mits legals"],"inLanguage":"ca"},{"@type":"WebPage","@id":"https:\/\/ecovergy.com\/ca\/pacte-industrial-verd-ue\/","url":"https:\/\/ecovergy.com\/ca\/pacte-industrial-verd-ue\/","name":"La Llei d'Energia neta promou els panells solars| Ecovergy","isPartOf":{"@id":"https:\/\/ecovergy.com\/#website"},"primaryImageOfPage":{"@id":"https:\/\/ecovergy.com\/ca\/pacte-industrial-verd-ue\/#primaryimage"},"image":{"@id":"https:\/\/ecovergy.com\/ca\/pacte-industrial-verd-ue\/#primaryimage"},"thumbnailUrl":"https:\/\/ecovergy.com\/wp-content\/uploads\/2023\/04\/UE-green-deal.jpg","datePublished":"2023-04-27T09:55:52+00:00","dateModified":"2023-12-11T16:08:36+00:00","description":"La Llei d'Energia Neta promou la instal\u00b7laci\u00f3 de plaques solars per a empreses amb la finalitat d'aconseguir un autoconsum industrial sostenible.","breadcrumb":{"@id":"https:\/\/ecovergy.com\/ca\/pacte-industrial-verd-ue\/#breadcrumb"},"inLanguage":"ca","potentialAction":[{"@type":"ReadAction","target":["https:\/\/ecovergy.com\/ca\/pacte-industrial-verd-ue\/"]}]},{"@type":"ImageObject","inLanguage":"ca","@id":"https:\/\/ecovergy.com\/ca\/pacte-industrial-verd-ue\/#primaryimage","url":"https:\/\/ecovergy.com\/wp-content\/uploads\/2023\/04\/UE-green-deal.jpg","contentUrl":"https:\/\/ecovergy.com\/wp-content\/uploads\/2023\/04\/UE-green-deal.jpg","width":696,"height":392},{"@type":"BreadcrumbList","@id":"https:\/\/ecovergy.com\/ca\/pacte-industrial-verd-ue\/#breadcrumb","itemListElement":[{"@type":"ListItem","position":1,"name":"Portada","item":"https:\/\/ecovergy.com\/ca\/"},{"@type":"ListItem","position":2,"name":"Qu\u00e8 \u00e9s el Pla Industrial del Pacte Verd de la UE"}]},{"@type":"WebSite","@id":"https:\/\/ecovergy.com\/#website","url":"https:\/\/ecovergy.com\/","name":"Ecovergy","description":"Autoconsumo fotovoltaico para empresas","publisher":{"@id":"https:\/\/ecovergy.com\/#organization"},"potentialAction":[{"@type":"SearchAction","target":{"@type":"EntryPoint","urlTemplate":"https:\/\/ecovergy.com\/?s={search_term_string}"},"query-input":{"@type":"PropertyValueSpecification","valueRequired":true,"valueName":"search_term_string"}}],"inLanguage":"ca"},{"@type":"Organization","@id":"https:\/\/ecovergy.com\/#organization","name":"Ecovergy","url":"https:\/\/ecovergy.com\/","logo":{"@type":"ImageObject","inLanguage":"ca","@id":"https:\/\/ecovergy.com\/#\/schema\/logo\/image\/","url":"https:\/\/ecovergy.com\/wp-content\/uploads\/2022\/11\/logo-ecovergy-50.svg","contentUrl":"https:\/\/ecovergy.com\/wp-content\/uploads\/2022\/11\/logo-ecovergy-50.svg","width":192,"height":25,"caption":"Ecovergy"},"image":{"@id":"https:\/\/ecovergy.com\/#\/schema\/logo\/image\/"},"sameAs":["https:\/\/www.facebook.com\/Ecovergy","https:\/\/www.instagram.com\/ecovergy\/","https:\/\/www.youtube.com\/channel\/UCpyiK24_lhtlkaJWJaZG2FQ","https:\/\/www.linkedin.com\/company\/ecovergy\/"]},{"@type":"Person","@id":"https:\/\/ecovergy.com\/#\/schema\/person\/e5474300afcb1de71fa81fbaea9e6e74","name":"Ecovergy","image":{"@type":"ImageObject","inLanguage":"ca","@id":"https:\/\/ecovergy.com\/#\/schema\/person\/image\/","url":"https:\/\/secure.gravatar.com\/avatar\/38d23590878db00a19a10bb286ba3e92d97ab0e3e666d0b4dba266a0145078e2?s=96&d=mm&r=g","contentUrl":"https:\/\/secure.gravatar.com\/avatar\/38d23590878db00a19a10bb286ba3e92d97ab0e3e666d0b4dba266a0145078e2?s=96&d=mm&r=g","caption":"Ecovergy"}}]}},"_links":{"self":[{"href":"https:\/\/ecovergy.com\/ca\/wp-json\/wp\/v2\/posts\/5400","targetHints":{"allow":["GET"]}}],"collection":[{"href":"https:\/\/ecovergy.com\/ca\/wp-json\/wp\/v2\/posts"}],"about":[{"href":"https:\/\/ecovergy.com\/ca\/wp-json\/wp\/v2\/types\/post"}],"author":[{"embeddable":true,"href":"https:\/\/ecovergy.com\/ca\/wp-json\/wp\/v2\/users\/2"}],"replies":[{"embeddable":true,"href":"https:\/\/ecovergy.com\/ca\/wp-json\/wp\/v2\/comments?post=5400"}],"version-history":[{"count":1,"href":"https:\/\/ecovergy.com\/ca\/wp-json\/wp\/v2\/posts\/5400\/revisions"}],"predecessor-version":[{"id":5402,"href":"https:\/\/ecovergy.com\/ca\/wp-json\/wp\/v2\/posts\/5400\/revisions\/5402"}],"wp:featuredmedia":[{"embeddable":true,"href":"https:\/\/ecovergy.com\/ca\/wp-json\/wp\/v2\/media\/5062"}],"wp:attachment":[{"href":"https:\/\/ecovergy.com\/ca\/wp-json\/wp\/v2\/media?parent=5400"}],"wp:term":[{"taxonomy":"category","embeddable":true,"href":"https:\/\/ecovergy.com\/ca\/wp-json\/wp\/v2\/categories?post=5400"},{"taxonomy":"post_tag","embeddable":true,"href":"https:\/\/ecovergy.com\/ca\/wp-json\/wp\/v2\/tags?post=5400"}],"curies":[{"name":"wp","href":"https:\/\/api.w.org\/{rel}","templated":true}]}}