{"id":6216,"date":"2024-02-29T12:24:05","date_gmt":"2024-02-29T12:24:05","guid":{"rendered":"https:\/\/ecovergy.com\/amianto-en-cubiertas-industriales-renovacion-con-paneles-solares-para-un-futuro-sostenible\/"},"modified":"2024-02-29T16:28:31","modified_gmt":"2024-02-29T16:28:31","slug":"amiant-a-cobertes-industrials","status":"publish","type":"post","link":"https:\/\/ecovergy.com\/ca\/amiant-a-cobertes-industrials\/","title":{"rendered":"Amiant en Cobertes Industrials: Renovaci\u00f3 amb Panells Solars per a un Futur Sostenible"},"content":{"rendered":"\t\t<div data-elementor-type=\"wp-post\" data-elementor-id=\"6216\" class=\"elementor elementor-6216 elementor-6184\">\n\t\t\t\t\t\t<section class=\"elementor-section elementor-top-section elementor-element elementor-element-94145a4 elementor-section-boxed elementor-section-height-default elementor-section-height-default\" data-id=\"94145a4\" data-element_type=\"section\">\n\t\t\t\t\t\t<div class=\"elementor-container elementor-column-gap-default\">\n\t\t\t\t\t<div class=\"elementor-column elementor-col-100 elementor-top-column elementor-element elementor-element-331b913\" data-id=\"331b913\" data-element_type=\"column\">\n\t\t\t<div class=\"elementor-widget-wrap elementor-element-populated\">\n\t\t\t\t\t\t<div class=\"elementor-element elementor-element-729bde9 elementor-drop-cap-yes elementor-drop-cap-view-default elementor-widget elementor-widget-text-editor\" data-id=\"729bde9\" data-element_type=\"widget\" data-settings=\"{&quot;drop_cap&quot;:&quot;yes&quot;}\" data-widget_type=\"text-editor.default\">\n\t\t\t\t<div class=\"elementor-widget-container\">\n\t\t\t\t\t\t\t\t\t<p>Les cobertes de naus industrials amb amiant s\u00f3n un problema com\u00fa a Espanya. Aquest material, utilitzat en el passat pel seu baix cost i resist\u00e8ncia, ha demostrat ser altament perill\u00f3s per a la salut. \u00a0<br \/><br \/>El Parlament Europeu, mitjan\u00e7ant el Comit\u00e8 Econ\u00f2mic i Social Europeu (CESE), va fixar com a data l\u00edmit el 2032 per a substituir els materials que contenen amiant en l&#8217;\u00e0mbit privat i en 2028 per a l&#8217;\u00e0mbit p\u00fablic.\u00a0 \u00a0 <span data-ccp-props=\"{&quot;134233117&quot;:false,&quot;134233118&quot;:false,&quot;201341983&quot;:0,&quot;335551550&quot;:1,&quot;335551620&quot;:1,&quot;335559685&quot;:-20,&quot;335559737&quot;:-20,&quot;335559738&quot;:0,&quot;335559739&quot;:160,&quot;335559740&quot;:259}\">\u00a0<\/span><\/p><h2><b><span data-contrast=\"auto\">Qu\u00e8 \u00e9s l&#8217;amiant i per qu\u00e8 \u00e9s perill\u00f3s? <\/span><\/b><span data-ccp-props=\"{&quot;134233117&quot;:false,&quot;134233118&quot;:false,&quot;201341983&quot;:0,&quot;335551550&quot;:1,&quot;335551620&quot;:1,&quot;335559685&quot;:-20,&quot;335559737&quot;:-20,&quot;335559738&quot;:0,&quot;335559739&quot;:160,&quot;335559740&quot;:259}\">\u00a0<\/span><\/h2><p><span data-contrast=\"auto\">L&#8217;amiant, tamb\u00e9 conegut com a asbest, \u00e9s un mineral fibr\u00f3s que es va fer servir molt en la construcci\u00f3 entre 1950 i 1990, per ser un material resistent i de baix cost.\u00a0<\/span><\/p><p><span data-contrast=\"auto\">A mesura que envelleix es torna fr\u00e0gil i pot alliberar fibres perilloses que no es destrueixen i quenen suspeses en l&#8217;aire durant molt de temps. Aquestes fibres s&#8217;ha demostrat que s\u00f3n altament cancer\u00edgenes en inhalar-se. Segons el Ministeri de treball i Economia Social el 80 % dels c\u00e0ncers professionals reconeguts a la UE estan relacionats amb l&#8217;amiant i a <a href=\"https:\/\/www.insst.es\/el-instituto-al-dia\/folleto-amianto-un-enemigo-oculto#A0\">Espanya causa m\u00e9s de la meitad de les morts per c\u00e0ncer laboral.<\/a>\u00a0<\/span><\/p><p>Des de 2002 est\u00e0 prohibit el seu \u00fas a Espanya, per\u00f2 es calcula que a Catalunya queden al voltant de 4 tones de les quals la gran majoria es troben en naus industrials.\u00a0<br \/><br \/>\u00c9s important recordar que l&#8217;amiant no \u00e9s perill\u00f3s si no es manipula o es trenca. La retirada d&#8217;amiant ha de realitzar-se per empreses inscrites en el\u00a0RERA\u00a0(Registre d&#8217;Empreses per Risc amb Amiant).<\/p><h2><b><span data-contrast=\"auto\">Quina difer\u00e8ncia hi ha entre uralita i amiant? <\/span><\/b><span data-ccp-props=\"{&quot;134233117&quot;:false,&quot;134233118&quot;:false,&quot;201341983&quot;:0,&quot;335551550&quot;:1,&quot;335551620&quot;:1,&quot;335559685&quot;:-20,&quot;335559737&quot;:-20,&quot;335559738&quot;:0,&quot;335559739&quot;:160,&quot;335559740&quot;:259}\">\u00a0<\/span><\/h2><p><span data-contrast=\"none\">Uralita\u00a0i amiant s\u00f3n termes que se solen usar indistintament per a referir-se al mateix material, per\u00f2 s\u00f3n diferents aspectes del mateix producte. <\/span><span data-ccp-props=\"{&quot;201341983&quot;:0,&quot;335559740&quot;:240}\">\u00a0<\/span><\/p><p>La\u00a0uralita\u00a0\u00e9s una marca de l\u00e0mines de fibrociment registrada de l&#8217;empresa\u00a0Eternit. Aquestes l\u00e0mines estaven compostes de ciment i fibres de refor\u00e7, que poden incloure fibres d&#8217;amiant o fibres sint\u00e8tiques.\u00a0<br \/><br \/>Mentre l&#8217;amiant \u00e9s el mineral fibr\u00f3s utilitzat en la seva fabricaci\u00f3. Encara que s&#8217;usen indistintament, la\u00a0Uralita\u00a0es refereix espec\u00edficament al producte, mentre que l&#8217;amiant \u00e9s el material perill\u00f3s present en ell.<\/p>\t\t\t\t\t\t\t\t<\/div>\n\t\t\t\t<\/div>\n\t\t\t\t\t<\/div>\n\t\t<\/div>\n\t\t\t\t\t<\/div>\n\t\t<\/section>\n\t\t\t\t<section class=\"elementor-section elementor-top-section elementor-element elementor-element-b4f7c94 elementor-section-boxed elementor-section-height-default elementor-section-height-default\" data-id=\"b4f7c94\" data-element_type=\"section\">\n\t\t\t\t\t\t<div class=\"elementor-container elementor-column-gap-default\">\n\t\t\t\t\t<div class=\"elementor-column elementor-col-100 elementor-top-column elementor-element elementor-element-aab34c0\" data-id=\"aab34c0\" data-element_type=\"column\">\n\t\t\t<div class=\"elementor-widget-wrap elementor-element-populated\">\n\t\t\t\t\t\t<div class=\"elementor-element elementor-element-a5b619b elementor-widget elementor-widget-spacer\" data-id=\"a5b619b\" data-element_type=\"widget\" data-widget_type=\"spacer.default\">\n\t\t\t\t<div class=\"elementor-widget-container\">\n\t\t\t\t\t\t\t<div class=\"elementor-spacer\">\n\t\t\t<div class=\"elementor-spacer-inner\"><\/div>\n\t\t<\/div>\n\t\t\t\t\t\t<\/div>\n\t\t\t\t<\/div>\n\t\t\t\t\t<\/div>\n\t\t<\/div>\n\t\t\t\t\t<\/div>\n\t\t<\/section>\n\t\t\t\t<section class=\"elementor-section elementor-top-section elementor-element elementor-element-7e760a0 elementor-section-boxed elementor-section-height-default elementor-section-height-default\" data-id=\"7e760a0\" data-element_type=\"section\">\n\t\t\t\t\t\t<div class=\"elementor-container elementor-column-gap-default\">\n\t\t\t\t\t<div class=\"elementor-column elementor-col-100 elementor-top-column elementor-element elementor-element-568754b\" data-id=\"568754b\" data-element_type=\"column\">\n\t\t\t<div class=\"elementor-widget-wrap elementor-element-populated\">\n\t\t\t\t\t\t<div class=\"elementor-element elementor-element-7f46f6d elementor-widget elementor-widget-image\" data-id=\"7f46f6d\" data-element_type=\"widget\" data-widget_type=\"image.default\">\n\t\t\t\t<div class=\"elementor-widget-container\">\n\t\t\t\t\t\t\t\t\t\t\t\t\t\t\t<img fetchpriority=\"high\" decoding=\"async\" width=\"1000\" height=\"707\" src=\"https:\/\/ecovergy.com\/wp-content\/uploads\/2024\/02\/Amianto_energia_solar-.jpg\" class=\"attachment-large size-large wp-image-6194\" alt=\"Sustituir amianto por paneles solares\" srcset=\"https:\/\/ecovergy.com\/wp-content\/uploads\/2024\/02\/Amianto_energia_solar-.jpg 1000w, https:\/\/ecovergy.com\/wp-content\/uploads\/2024\/02\/Amianto_energia_solar--300x212.jpg 300w, https:\/\/ecovergy.com\/wp-content\/uploads\/2024\/02\/Amianto_energia_solar--768x543.jpg 768w\" sizes=\"(max-width: 1000px) 100vw, 1000px\" \/>\t\t\t\t\t\t\t\t\t\t\t\t\t\t\t<\/div>\n\t\t\t\t<\/div>\n\t\t\t\t\t<\/div>\n\t\t<\/div>\n\t\t\t\t\t<\/div>\n\t\t<\/section>\n\t\t\t\t<section class=\"elementor-section elementor-top-section elementor-element elementor-element-401ad69 elementor-section-boxed elementor-section-height-default elementor-section-height-default\" data-id=\"401ad69\" data-element_type=\"section\">\n\t\t\t\t\t\t<div class=\"elementor-container elementor-column-gap-default\">\n\t\t\t\t\t<div class=\"elementor-column elementor-col-100 elementor-top-column elementor-element elementor-element-b8df210\" data-id=\"b8df210\" data-element_type=\"column\">\n\t\t\t<div class=\"elementor-widget-wrap elementor-element-populated\">\n\t\t\t\t\t\t<div class=\"elementor-element elementor-element-e898fac elementor-widget elementor-widget-text-editor\" data-id=\"e898fac\" data-element_type=\"widget\" data-widget_type=\"text-editor.default\">\n\t\t\t\t<div class=\"elementor-widget-container\">\n\t\t\t\t\t\t\t\t\t<h2><b><span data-contrast=\"auto\">Es poden instal\u00b7lar panells solars sobre coberta d&#8217;amiant? <\/span><\/b><span data-ccp-props=\"{&quot;201341983&quot;:0,&quot;335559740&quot;:240}\">\u00a0<\/span><\/h2><p>La resposta \u00e9s <strong>no<\/strong>. La normativa espanyola prohibeix la instal\u00b7laci\u00f3 de qualsevol element sobre una coberta d&#8217;amiant. \u00a0<br \/><br \/>Per a confirmar si la teva coberta cont\u00e9 amiant, \u00e9s necessari sol\u00b7licitar una inspecci\u00f3 a una empresa especialitzada en retirada d&#8217;amiant, registrada en el\u00a0RERA\u00a0(Registre d&#8217;Empreses per a Treballs amb Amiant). Aix\u00ed podr\u00e0s obtenir una avaluaci\u00f3 precisa sobre la pres\u00e8ncia d&#8217;amiant en la teva coberta.<\/p><h2><span data-ccp-props=\"{&quot;201341983&quot;:0,&quot;335559740&quot;:240}\">Subvencions per a la retirada d&#8217;amiant i la instal\u00b7laci\u00f3 de panells solars 2024<\/span><\/h2><p>Hem consultat a la Generalitat de Catalunya per a con\u00e8ixer si hi haur\u00e0 noves subvencions l&#8217;any 2024, com les que es van aprovar en 2023 en resposta al pla nacional per a l&#8217;erradicaci\u00f3 d&#8217;amiant a Catalunya. Ens han informat que est\u00e0 previst, si b\u00e9 encara no s&#8217;han detallat ni publicat els termes, pendents de l&#8217;aprovaci\u00f3 dels pressupostos. \u00a0<br \/>Mentrestant, si la teva empresa es troba en aquesta situaci\u00f3, t&#8217;animem que ens contactis com m\u00e9s aviat millor i plantegis les teves preguntes. Podem donar-te informaci\u00f3 detallada sobre els costos del canvi de coberta, com procedir amb la instal\u00b7laci\u00f3 de panells fotovoltaics i l&#8217;estalvi energ\u00e8tic que tindr\u00e0s. At\u00e8s que \u00e9s una tasca que haur\u00e0s de realitzar, et suggerim que et preparis amb anticipaci\u00f3, perqu\u00e8 quan es publiquin les subvencions, estiguis llest per a aprofitar-les sense haver d&#8217;afanyar-te.<\/p>\t\t\t\t\t\t\t\t<\/div>\n\t\t\t\t<\/div>\n\t\t\t\t\t<\/div>\n\t\t<\/div>\n\t\t\t\t\t<\/div>\n\t\t<\/section>\n\t\t\t\t<section class=\"elementor-section elementor-top-section elementor-element elementor-element-4845dc8 elementor-section-boxed elementor-section-height-default elementor-section-height-default\" data-id=\"4845dc8\" data-element_type=\"section\">\n\t\t\t\t\t\t<div class=\"elementor-container elementor-column-gap-default\">\n\t\t\t\t\t<div class=\"elementor-column elementor-col-100 elementor-top-column elementor-element elementor-element-00006f4\" data-id=\"00006f4\" data-element_type=\"column\">\n\t\t\t<div class=\"elementor-widget-wrap elementor-element-populated\">\n\t\t\t\t\t\t<div class=\"elementor-element elementor-element-f3c17f8 elementor-widget elementor-widget-spacer\" data-id=\"f3c17f8\" data-element_type=\"widget\" data-widget_type=\"spacer.default\">\n\t\t\t\t<div class=\"elementor-widget-container\">\n\t\t\t\t\t\t\t<div class=\"elementor-spacer\">\n\t\t\t<div class=\"elementor-spacer-inner\"><\/div>\n\t\t<\/div>\n\t\t\t\t\t\t<\/div>\n\t\t\t\t<\/div>\n\t\t\t\t<div class=\"elementor-element elementor-element-c5e8a80 elementor-align-center elementor-widget elementor-widget-button\" data-id=\"c5e8a80\" data-element_type=\"widget\" data-widget_type=\"button.default\">\n\t\t\t\t<div class=\"elementor-widget-container\">\n\t\t\t\t\t\t\t\t\t<div class=\"elementor-button-wrapper\">\n\t\t\t\t\t<a class=\"elementor-button elementor-button-link elementor-size-xl\" href=\"https:\/\/ecovergy.com\/amianto-paneles-solares\/\">\n\t\t\t\t\t\t<span class=\"elementor-button-content-wrapper\">\n\t\t\t\t\t\t\t\t\t<span class=\"elementor-button-text\">Vull un pressupost<\/span>\n\t\t\t\t\t<\/span>\n\t\t\t\t\t<\/a>\n\t\t\t\t<\/div>\n\t\t\t\t\t\t\t\t<\/div>\n\t\t\t\t<\/div>\n\t\t\t\t\t<\/div>\n\t\t<\/div>\n\t\t\t\t\t<\/div>\n\t\t<\/section>\n\t\t\t\t<section class=\"elementor-section elementor-top-section elementor-element elementor-element-d49fb9c elementor-section-boxed elementor-section-height-default elementor-section-height-default\" data-id=\"d49fb9c\" data-element_type=\"section\">\n\t\t\t\t\t\t<div class=\"elementor-container elementor-column-gap-default\">\n\t\t\t\t\t<div class=\"elementor-column elementor-col-100 elementor-top-column elementor-element elementor-element-fc47c5a\" data-id=\"fc47c5a\" data-element_type=\"column\">\n\t\t\t<div class=\"elementor-widget-wrap elementor-element-populated\">\n\t\t\t\t\t\t<div class=\"elementor-element elementor-element-b4d4683 elementor-widget elementor-widget-spacer\" data-id=\"b4d4683\" data-element_type=\"widget\" data-widget_type=\"spacer.default\">\n\t\t\t\t<div class=\"elementor-widget-container\">\n\t\t\t\t\t\t\t<div class=\"elementor-spacer\">\n\t\t\t<div class=\"elementor-spacer-inner\"><\/div>\n\t\t<\/div>\n\t\t\t\t\t\t<\/div>\n\t\t\t\t<\/div>\n\t\t\t\t\t<\/div>\n\t\t<\/div>\n\t\t\t\t\t<\/div>\n\t\t<\/section>\n\t\t\t\t<\/div>\n\t\t","protected":false},"excerpt":{"rendered":"<p>Les cobertes de naus industrials amb amiant s\u00f3n un problema com\u00fa a Espanya. Aquest material, utilitzat en el passat pel seu baix cost i resist\u00e8ncia, ha demostrat ser altament perill\u00f3s per a la salut. \u00a0 El Parlament Europeu, mitjan\u00e7ant el Comit\u00e8 Econ\u00f2mic i Social Europeu (CESE), va fixar com a data l\u00edmit el 2032 per [&hellip;]<\/p>\n","protected":false},"author":2,"featured_media":6199,"comment_status":"closed","ping_status":"closed","sticky":false,"template":"","format":"standard","meta":{"footnotes":""},"categories":[50],"tags":[],"class_list":["post-6216","post","type-post","status-publish","format-standard","has-post-thumbnail","hentry","category-autoconsumo-industrial-ca"],"acf":[],"yoast_head":"<!-- This site is optimized with the Yoast SEO plugin v26.0 - https:\/\/yoast.com\/wordpress\/plugins\/seo\/ -->\n<title>Amiant en Cobertes Industrials: Renovaci\u00f3 amb Panells Solars per a un Futur Sostenible | Ecovergy<\/title>\n<meta name=\"description\" content=\"Descobreix com abordar el desafiament de l&#039;amiant en cobertes industrials i aprofitar les subvencions per a la instal\u00b7laci\u00f3 de panells solars\" \/>\n<meta name=\"robots\" content=\"index, follow, max-snippet:-1, max-image-preview:large, max-video-preview:-1\" \/>\n<link rel=\"canonical\" href=\"https:\/\/ecovergy.com\/ca\/amiant-a-cobertes-industrials\/\" \/>\n<meta property=\"og:locale\" content=\"ca_ES\" \/>\n<meta property=\"og:type\" content=\"article\" \/>\n<meta property=\"og:title\" content=\"Amiant en Cobertes Industrials: Renovaci\u00f3 amb Panells Solars per a un Futur Sostenible | Ecovergy\" \/>\n<meta property=\"og:description\" content=\"Descobreix com abordar el desafiament de l&#039;amiant en cobertes industrials i aprofitar les subvencions per a la instal\u00b7laci\u00f3 de panells solars\" \/>\n<meta property=\"og:url\" content=\"https:\/\/ecovergy.com\/ca\/amiant-a-cobertes-industrials\/\" \/>\n<meta property=\"og:site_name\" content=\"Ecovergy\" \/>\n<meta property=\"article:publisher\" content=\"https:\/\/www.facebook.com\/Ecovergy\" \/>\n<meta property=\"article:published_time\" content=\"2024-02-29T12:24:05+00:00\" \/>\n<meta property=\"article:modified_time\" content=\"2024-02-29T16:28:31+00:00\" \/>\n<meta property=\"og:image\" content=\"https:\/\/ecovergy.com\/wp-content\/uploads\/2024\/02\/amianto_paneles_solares.jpg\" \/>\n\t<meta property=\"og:image:width\" content=\"2000\" \/>\n\t<meta property=\"og:image:height\" content=\"1414\" \/>\n\t<meta property=\"og:image:type\" content=\"image\/jpeg\" \/>\n<meta name=\"author\" content=\"Ecovergy\" \/>\n<meta name=\"twitter:card\" content=\"summary_large_image\" \/>\n<meta name=\"twitter:label1\" content=\"Written by\" \/>\n\t<meta name=\"twitter:data1\" content=\"Ecovergy\" \/>\n\t<meta name=\"twitter:label2\" content=\"Est. reading time\" \/>\n\t<meta name=\"twitter:data2\" content=\"4 minutes\" \/>\n<script type=\"application\/ld+json\" class=\"yoast-schema-graph\">{\"@context\":\"https:\/\/schema.org\",\"@graph\":[{\"@type\":\"Article\",\"@id\":\"https:\/\/ecovergy.com\/ca\/amiant-a-cobertes-industrials\/#article\",\"isPartOf\":{\"@id\":\"https:\/\/ecovergy.com\/ca\/amiant-a-cobertes-industrials\/\"},\"author\":{\"name\":\"Ecovergy\",\"@id\":\"https:\/\/ecovergy.com\/#\/schema\/person\/e5474300afcb1de71fa81fbaea9e6e74\"},\"headline\":\"Amiant en Cobertes Industrials: Renovaci\u00f3 amb Panells Solars per a un Futur Sostenible\",\"datePublished\":\"2024-02-29T12:24:05+00:00\",\"dateModified\":\"2024-02-29T16:28:31+00:00\",\"mainEntityOfPage\":{\"@id\":\"https:\/\/ecovergy.com\/ca\/amiant-a-cobertes-industrials\/\"},\"wordCount\":605,\"publisher\":{\"@id\":\"https:\/\/ecovergy.com\/#organization\"},\"image\":{\"@id\":\"https:\/\/ecovergy.com\/ca\/amiant-a-cobertes-industrials\/#primaryimage\"},\"thumbnailUrl\":\"https:\/\/ecovergy.com\/wp-content\/uploads\/2024\/02\/amianto_paneles_solares.jpg\",\"articleSection\":[\"Autoconsum Industrial\"],\"inLanguage\":\"ca\"},{\"@type\":\"WebPage\",\"@id\":\"https:\/\/ecovergy.com\/ca\/amiant-a-cobertes-industrials\/\",\"url\":\"https:\/\/ecovergy.com\/ca\/amiant-a-cobertes-industrials\/\",\"name\":\"Amiant en Cobertes Industrials: Renovaci\u00f3 amb Panells Solars per a un Futur Sostenible | Ecovergy\",\"isPartOf\":{\"@id\":\"https:\/\/ecovergy.com\/#website\"},\"primaryImageOfPage\":{\"@id\":\"https:\/\/ecovergy.com\/ca\/amiant-a-cobertes-industrials\/#primaryimage\"},\"image\":{\"@id\":\"https:\/\/ecovergy.com\/ca\/amiant-a-cobertes-industrials\/#primaryimage\"},\"thumbnailUrl\":\"https:\/\/ecovergy.com\/wp-content\/uploads\/2024\/02\/amianto_paneles_solares.jpg\",\"datePublished\":\"2024-02-29T12:24:05+00:00\",\"dateModified\":\"2024-02-29T16:28:31+00:00\",\"description\":\"Descobreix com abordar el desafiament de l'amiant en cobertes industrials i aprofitar les subvencions per a la instal\u00b7laci\u00f3 de panells solars\",\"breadcrumb\":{\"@id\":\"https:\/\/ecovergy.com\/ca\/amiant-a-cobertes-industrials\/#breadcrumb\"},\"inLanguage\":\"ca\",\"potentialAction\":[{\"@type\":\"ReadAction\",\"target\":[\"https:\/\/ecovergy.com\/ca\/amiant-a-cobertes-industrials\/\"]}]},{\"@type\":\"ImageObject\",\"inLanguage\":\"ca\",\"@id\":\"https:\/\/ecovergy.com\/ca\/amiant-a-cobertes-industrials\/#primaryimage\",\"url\":\"https:\/\/ecovergy.com\/wp-content\/uploads\/2024\/02\/amianto_paneles_solares.jpg\",\"contentUrl\":\"https:\/\/ecovergy.com\/wp-content\/uploads\/2024\/02\/amianto_paneles_solares.jpg\",\"width\":2000,\"height\":1414,\"caption\":\"uralita y paneles industriales\"},{\"@type\":\"BreadcrumbList\",\"@id\":\"https:\/\/ecovergy.com\/ca\/amiant-a-cobertes-industrials\/#breadcrumb\",\"itemListElement\":[{\"@type\":\"ListItem\",\"position\":1,\"name\":\"Portada\",\"item\":\"https:\/\/ecovergy.com\/ca\/\"},{\"@type\":\"ListItem\",\"position\":2,\"name\":\"Amiant en Cobertes Industrials: Renovaci\u00f3 amb Panells Solars per a un Futur Sostenible\"}]},{\"@type\":\"WebSite\",\"@id\":\"https:\/\/ecovergy.com\/#website\",\"url\":\"https:\/\/ecovergy.com\/\",\"name\":\"Ecovergy\",\"description\":\"Autoconsumo fotovoltaico para empresas\",\"publisher\":{\"@id\":\"https:\/\/ecovergy.com\/#organization\"},\"potentialAction\":[{\"@type\":\"SearchAction\",\"target\":{\"@type\":\"EntryPoint\",\"urlTemplate\":\"https:\/\/ecovergy.com\/?s={search_term_string}\"},\"query-input\":{\"@type\":\"PropertyValueSpecification\",\"valueRequired\":true,\"valueName\":\"search_term_string\"}}],\"inLanguage\":\"ca\"},{\"@type\":\"Organization\",\"@id\":\"https:\/\/ecovergy.com\/#organization\",\"name\":\"Ecovergy\",\"url\":\"https:\/\/ecovergy.com\/\",\"logo\":{\"@type\":\"ImageObject\",\"inLanguage\":\"ca\",\"@id\":\"https:\/\/ecovergy.com\/#\/schema\/logo\/image\/\",\"url\":\"https:\/\/ecovergy.com\/wp-content\/uploads\/2022\/11\/logo-ecovergy-50.svg\",\"contentUrl\":\"https:\/\/ecovergy.com\/wp-content\/uploads\/2022\/11\/logo-ecovergy-50.svg\",\"width\":192,\"height\":25,\"caption\":\"Ecovergy\"},\"image\":{\"@id\":\"https:\/\/ecovergy.com\/#\/schema\/logo\/image\/\"},\"sameAs\":[\"https:\/\/www.facebook.com\/Ecovergy\",\"https:\/\/www.instagram.com\/ecovergy\/\",\"https:\/\/www.youtube.com\/channel\/UCpyiK24_lhtlkaJWJaZG2FQ\",\"https:\/\/www.linkedin.com\/company\/ecovergy\/\"]},{\"@type\":\"Person\",\"@id\":\"https:\/\/ecovergy.com\/#\/schema\/person\/e5474300afcb1de71fa81fbaea9e6e74\",\"name\":\"Ecovergy\",\"image\":{\"@type\":\"ImageObject\",\"inLanguage\":\"ca\",\"@id\":\"https:\/\/ecovergy.com\/#\/schema\/person\/image\/\",\"url\":\"https:\/\/secure.gravatar.com\/avatar\/38d23590878db00a19a10bb286ba3e92d97ab0e3e666d0b4dba266a0145078e2?s=96&d=mm&r=g\",\"contentUrl\":\"https:\/\/secure.gravatar.com\/avatar\/38d23590878db00a19a10bb286ba3e92d97ab0e3e666d0b4dba266a0145078e2?s=96&d=mm&r=g\",\"caption\":\"Ecovergy\"}}]}<\/script>\n<!-- \/ Yoast SEO plugin. -->","yoast_head_json":{"title":"Amiant en Cobertes Industrials: Renovaci\u00f3 amb Panells Solars per a un Futur Sostenible | Ecovergy","description":"Descobreix com abordar el desafiament de l'amiant en cobertes industrials i aprofitar les subvencions per a la instal\u00b7laci\u00f3 de panells solars","robots":{"index":"index","follow":"follow","max-snippet":"max-snippet:-1","max-image-preview":"max-image-preview:large","max-video-preview":"max-video-preview:-1"},"canonical":"https:\/\/ecovergy.com\/ca\/amiant-a-cobertes-industrials\/","og_locale":"ca_ES","og_type":"article","og_title":"Amiant en Cobertes Industrials: Renovaci\u00f3 amb Panells Solars per a un Futur Sostenible | Ecovergy","og_description":"Descobreix com abordar el desafiament de l'amiant en cobertes industrials i aprofitar les subvencions per a la instal\u00b7laci\u00f3 de panells solars","og_url":"https:\/\/ecovergy.com\/ca\/amiant-a-cobertes-industrials\/","og_site_name":"Ecovergy","article_publisher":"https:\/\/www.facebook.com\/Ecovergy","article_published_time":"2024-02-29T12:24:05+00:00","article_modified_time":"2024-02-29T16:28:31+00:00","og_image":[{"width":2000,"height":1414,"url":"https:\/\/ecovergy.com\/wp-content\/uploads\/2024\/02\/amianto_paneles_solares.jpg","type":"image\/jpeg"}],"author":"Ecovergy","twitter_card":"summary_large_image","twitter_misc":{"Written by":"Ecovergy","Est. reading time":"4 minutes"},"schema":{"@context":"https:\/\/schema.org","@graph":[{"@type":"Article","@id":"https:\/\/ecovergy.com\/ca\/amiant-a-cobertes-industrials\/#article","isPartOf":{"@id":"https:\/\/ecovergy.com\/ca\/amiant-a-cobertes-industrials\/"},"author":{"name":"Ecovergy","@id":"https:\/\/ecovergy.com\/#\/schema\/person\/e5474300afcb1de71fa81fbaea9e6e74"},"headline":"Amiant en Cobertes Industrials: Renovaci\u00f3 amb Panells Solars per a un Futur Sostenible","datePublished":"2024-02-29T12:24:05+00:00","dateModified":"2024-02-29T16:28:31+00:00","mainEntityOfPage":{"@id":"https:\/\/ecovergy.com\/ca\/amiant-a-cobertes-industrials\/"},"wordCount":605,"publisher":{"@id":"https:\/\/ecovergy.com\/#organization"},"image":{"@id":"https:\/\/ecovergy.com\/ca\/amiant-a-cobertes-industrials\/#primaryimage"},"thumbnailUrl":"https:\/\/ecovergy.com\/wp-content\/uploads\/2024\/02\/amianto_paneles_solares.jpg","articleSection":["Autoconsum Industrial"],"inLanguage":"ca"},{"@type":"WebPage","@id":"https:\/\/ecovergy.com\/ca\/amiant-a-cobertes-industrials\/","url":"https:\/\/ecovergy.com\/ca\/amiant-a-cobertes-industrials\/","name":"Amiant en Cobertes Industrials: Renovaci\u00f3 amb Panells Solars per a un Futur Sostenible | Ecovergy","isPartOf":{"@id":"https:\/\/ecovergy.com\/#website"},"primaryImageOfPage":{"@id":"https:\/\/ecovergy.com\/ca\/amiant-a-cobertes-industrials\/#primaryimage"},"image":{"@id":"https:\/\/ecovergy.com\/ca\/amiant-a-cobertes-industrials\/#primaryimage"},"thumbnailUrl":"https:\/\/ecovergy.com\/wp-content\/uploads\/2024\/02\/amianto_paneles_solares.jpg","datePublished":"2024-02-29T12:24:05+00:00","dateModified":"2024-02-29T16:28:31+00:00","description":"Descobreix com abordar el desafiament de l'amiant en cobertes industrials i aprofitar les subvencions per a la instal\u00b7laci\u00f3 de panells solars","breadcrumb":{"@id":"https:\/\/ecovergy.com\/ca\/amiant-a-cobertes-industrials\/#breadcrumb"},"inLanguage":"ca","potentialAction":[{"@type":"ReadAction","target":["https:\/\/ecovergy.com\/ca\/amiant-a-cobertes-industrials\/"]}]},{"@type":"ImageObject","inLanguage":"ca","@id":"https:\/\/ecovergy.com\/ca\/amiant-a-cobertes-industrials\/#primaryimage","url":"https:\/\/ecovergy.com\/wp-content\/uploads\/2024\/02\/amianto_paneles_solares.jpg","contentUrl":"https:\/\/ecovergy.com\/wp-content\/uploads\/2024\/02\/amianto_paneles_solares.jpg","width":2000,"height":1414,"caption":"uralita y paneles industriales"},{"@type":"BreadcrumbList","@id":"https:\/\/ecovergy.com\/ca\/amiant-a-cobertes-industrials\/#breadcrumb","itemListElement":[{"@type":"ListItem","position":1,"name":"Portada","item":"https:\/\/ecovergy.com\/ca\/"},{"@type":"ListItem","position":2,"name":"Amiant en Cobertes Industrials: Renovaci\u00f3 amb Panells Solars per a un Futur Sostenible"}]},{"@type":"WebSite","@id":"https:\/\/ecovergy.com\/#website","url":"https:\/\/ecovergy.com\/","name":"Ecovergy","description":"Autoconsumo fotovoltaico para empresas","publisher":{"@id":"https:\/\/ecovergy.com\/#organization"},"potentialAction":[{"@type":"SearchAction","target":{"@type":"EntryPoint","urlTemplate":"https:\/\/ecovergy.com\/?s={search_term_string}"},"query-input":{"@type":"PropertyValueSpecification","valueRequired":true,"valueName":"search_term_string"}}],"inLanguage":"ca"},{"@type":"Organization","@id":"https:\/\/ecovergy.com\/#organization","name":"Ecovergy","url":"https:\/\/ecovergy.com\/","logo":{"@type":"ImageObject","inLanguage":"ca","@id":"https:\/\/ecovergy.com\/#\/schema\/logo\/image\/","url":"https:\/\/ecovergy.com\/wp-content\/uploads\/2022\/11\/logo-ecovergy-50.svg","contentUrl":"https:\/\/ecovergy.com\/wp-content\/uploads\/2022\/11\/logo-ecovergy-50.svg","width":192,"height":25,"caption":"Ecovergy"},"image":{"@id":"https:\/\/ecovergy.com\/#\/schema\/logo\/image\/"},"sameAs":["https:\/\/www.facebook.com\/Ecovergy","https:\/\/www.instagram.com\/ecovergy\/","https:\/\/www.youtube.com\/channel\/UCpyiK24_lhtlkaJWJaZG2FQ","https:\/\/www.linkedin.com\/company\/ecovergy\/"]},{"@type":"Person","@id":"https:\/\/ecovergy.com\/#\/schema\/person\/e5474300afcb1de71fa81fbaea9e6e74","name":"Ecovergy","image":{"@type":"ImageObject","inLanguage":"ca","@id":"https:\/\/ecovergy.com\/#\/schema\/person\/image\/","url":"https:\/\/secure.gravatar.com\/avatar\/38d23590878db00a19a10bb286ba3e92d97ab0e3e666d0b4dba266a0145078e2?s=96&d=mm&r=g","contentUrl":"https:\/\/secure.gravatar.com\/avatar\/38d23590878db00a19a10bb286ba3e92d97ab0e3e666d0b4dba266a0145078e2?s=96&d=mm&r=g","caption":"Ecovergy"}}]}},"_links":{"self":[{"href":"https:\/\/ecovergy.com\/ca\/wp-json\/wp\/v2\/posts\/6216","targetHints":{"allow":["GET"]}}],"collection":[{"href":"https:\/\/ecovergy.com\/ca\/wp-json\/wp\/v2\/posts"}],"about":[{"href":"https:\/\/ecovergy.com\/ca\/wp-json\/wp\/v2\/types\/post"}],"author":[{"embeddable":true,"href":"https:\/\/ecovergy.com\/ca\/wp-json\/wp\/v2\/users\/2"}],"replies":[{"embeddable":true,"href":"https:\/\/ecovergy.com\/ca\/wp-json\/wp\/v2\/comments?post=6216"}],"version-history":[{"count":4,"href":"https:\/\/ecovergy.com\/ca\/wp-json\/wp\/v2\/posts\/6216\/revisions"}],"predecessor-version":[{"id":6222,"href":"https:\/\/ecovergy.com\/ca\/wp-json\/wp\/v2\/posts\/6216\/revisions\/6222"}],"wp:featuredmedia":[{"embeddable":true,"href":"https:\/\/ecovergy.com\/ca\/wp-json\/wp\/v2\/media\/6199"}],"wp:attachment":[{"href":"https:\/\/ecovergy.com\/ca\/wp-json\/wp\/v2\/media?parent=6216"}],"wp:term":[{"taxonomy":"category","embeddable":true,"href":"https:\/\/ecovergy.com\/ca\/wp-json\/wp\/v2\/categories?post=6216"},{"taxonomy":"post_tag","embeddable":true,"href":"https:\/\/ecovergy.com\/ca\/wp-json\/wp\/v2\/tags?post=6216"}],"curies":[{"name":"wp","href":"https:\/\/api.w.org\/{rel}","templated":true}]}}